{"id":414,"date":"2013-04-28T12:39:28","date_gmt":"2013-04-28T11:39:28","guid":{"rendered":"http:\/\/www.eissner-dresden.de\/blog\/?p=414"},"modified":"2013-05-26T09:45:09","modified_gmt":"2013-05-26T08:45:09","slug":"neues-werkzeug","status":"publish","type":"post","link":"http:\/\/www.eissner-dresden.de\/blog\/?p=414","title":{"rendered":"Neues Werkzeug"},"content":{"rendered":"<p><a href=\"http:\/\/www.eissner-dresden.de\/blog\/wp-content\/uploads\/2013\/04\/EOS6D.jpg\"><img loading=\"lazy\" decoding=\"async\" class=\"alignleft size-full wp-image-415\" alt=\"EOS6D\" src=\"http:\/\/www.eissner-dresden.de\/blog\/wp-content\/uploads\/2013\/04\/EOS6D.jpg\" width=\"200\" height=\"166\" \/><\/a><span style=\"color: #808080;\">(1. Erg\u00e4nzung vom 1.5.)<\/span><br \/>\nSeit einigen Tagen freue ich mich an meinem neuen Arbeitsger\u00e4t &#8211; einer Canon EOS 6D<\/p>\n<p>Zun\u00e4chst war ich \u00fcberrascht wie klein sich Vollformat anf\u00fchlt. \ud83d\ude09 Gegen die 7D sieht sie wie eine kleinere Schwester aus &#8211; trotz gr\u00f6\u00dferem Sensor. Die Bedienung fordert nicht viel aber doch einige Umstellung und das auch an Stellen, wo ich nicht damit gerechnet h\u00e4tte.<!--more-->Das wichtigste nat\u00fcrlich vorab &#8211; die Bildqualit\u00e4t: was das betrifft bin ich begeistert, von der Belichtungssicherheit, dem Gewinn im Spielraum bei der Bildbearbeitung und dem Gesamteindruck.<\/p>\n<p>Aber bleiben wir beim Haptischen und bei der Ausstattung.<\/p>\n<h3>Autofokus<\/h3>\n<p>Hier ist wohl der gr\u00f6\u00dfte Unterschied, sowohl zur 7D als auch zur 5\u00b3. Ich pers\u00f6nlich nutze grunds\u00e4tzlich nur den mittleren Sensor (der einzige Kreuzsensor) und lege nach der Messung den Bildausschnitt fest. (Auf dem Stativ gelegentlich auch den Kontrast AF im LiveView.) Daher st\u00f6rt mich die geringere Anzahl an Me\u00dffeldern nicht. Da sie f\u00fcr meinen Geschmack ohnehin meist zu zentral liegen (nie liegt einer wo er wirklich hingeh\u00f6rt, in den goldenen Schnitt) kann ich auf den Aufpreis von 61 Me\u00dffeldern gern verzichten. Die Empfindlichkeit des Kreuzsensors ist gut, bei sehr starkem und direktem Gegenlicht (gegen die Sonne) kommt er nat\u00fcrlich schon auch mal aus dem Tritt, ist da aber deutlich weniger problematisch als bei der 5\u00b2.<\/p>\n<h3>Bedienelemente<\/h3>\n<p>Der Joystick der 7 oder 5\u00b3 fehlt mir. Zum Bedienen der Wippe im Daumenrad mu\u00df man den Daumen schon stark anstellen. Die ver\u00e4nderte Lage der R\u00fcckschautaste dagegen st\u00f6rt nicht und auch die insgesamt niedrigere Anzahl von Tasten ist kein Problem.<br \/>\nEin gro\u00dfes Problem habe ich dagegen mit dem Funktionswahlrad. Die Verriegelung und der fehlende Anschlag treiben mich in den Wahnsinn &#8211; obwohl sie doch als gro\u00dfe technische Neuerung bei ihrer Einf\u00fchrung gefeiert wurden. Bisher schon ich das Rad mit dem Daumen bis zum Anschlag und dann ggf eine oder zwei Rasten zur\u00fcck und hatte damit alle Einstellungen zur\u00fcckgesetzt und befand mich in C3 bis C1. Das alles auch in der Bewegung mit einer Hand ohne hinzusehen. Nun geht weder das Drehen mit dem Daumen wenn die gleiche Hand die Kamera h\u00e4lt noch das Orientieren am Anschlag. Statt dessen mu\u00df man auf das Wahlrad schauen &#8211; ganz speziell wenn die Kamera auf dem Stativ steht und ich nicht mehr von oben auf die Symbole schauen kann (ich hab ein Stativ hinter dem ich entspannt aufrecht mit Okular in Augenh\u00f6he stehen kann!) ist das sehr \u00e4rgerlich!<\/p>\n<h3>Serienbildgeschwindigkeit und SD Karten<\/h3>\n<p>F\u00fcr Serien und schnelle Ziele greife ich auf die 7D zur\u00fcck, die Serienbildrate spielt f\u00fcr mich also allenfalls im Abstand der Belichtungsreihe f\u00fcr HDR eine Rolle. SD Karten sind deutlich preiswerter, vor allem wenn man f\u00fcr einen l\u00e4ngeren Urlaub zur Redundanz wirklich viel Kapazit\u00e4t braucht. (In der 7D habe ich daher zus\u00e4tzlich bereits einen Adapter f\u00fcr SD-Karten im CF-Slot benutzt.) Zwei Slots w\u00fcrden die Sache flexibler machen aber das sehe ich derzeit nicht wirklich als unzeitgem\u00e4\u00df oder einen echten Nachteil.<\/p>\n<h3>Echte Fortschritte und kleine Schritte zur\u00fcck<\/h3>\n<p>Bei Belichtungsreihen gibt es neben 3 Aufnahmen nun auch die M\u00f6glichkeit 2, 5 oder 7 Aufnahmen in einer Reihe zu machen. Das begr\u00fc\u00dfe ich sehr \u2013 allerdings w\u00e4re es Canon ohne Problem m\u00f6glich diese Funktionalit\u00e4t auch z.B. in der 7 anzubieten oder nachzur\u00fcsten da es ja nur eine Funktion des Betriebssystems ist. Leider ist das Umschalten zwischen den Modi etwas tiefer in den Einstellungen verborgen. Ich habe die beiden Individualeinstellungen (C1 und C2) mit HDR Einstellungen belegt, einmal mit 3 einmal mit 5 Aufnahmen, mal sehen ob sich das bew\u00e4hrt. Dabei wird dann die geringe Anzahl der Individualeinstellungen deutlich wenigstens eine mehr (wie bei der 7D) w\u00e4re wirklich hilfreich!<\/p>\n<p><a href=\"http:\/\/www.eissner-dresden.de\/blog\/wp-content\/uploads\/2013\/04\/D6_00619_A_400.jpg\"><img loading=\"lazy\" decoding=\"async\" class=\"alignleft size-full wp-image-426\" alt=\"D6_00619_A_400\" src=\"http:\/\/www.eissner-dresden.de\/blog\/wp-content\/uploads\/2013\/04\/D6_00619_A_400.jpg\" width=\"400\" height=\"562\" srcset=\"http:\/\/www.eissner-dresden.de\/blog\/wp-content\/uploads\/2013\/04\/D6_00619_A_400.jpg 400w, http:\/\/www.eissner-dresden.de\/blog\/wp-content\/uploads\/2013\/04\/D6_00619_A_400-213x300.jpg 213w\" sizes=\"(max-width: 400px) 100vw, 400px\" \/><\/a>Das Potenzial aus einer RAW-Datei Tiefen und Lichter auszugleichen ist allerdings deutlich gestiegen. Hier sehe ich einen der ganz wesentlichen Vorteile des Vollformat-sensors. (Bild links wurde aus <em><strong>einer<\/strong><\/em> RAW Datei entwickelt)<\/p>\n<p>Die neue HDR Funktion der Kamera scheidet f\u00fcr mich solange aus, solange die zugrundeliegenden RAW-Dateien nicht mitgespeichert werden. Da mag ich mich der Kamerafunktionalit\u00e4t nicht unrettbar ausliefern.<\/p>\n<h2>Ein erstes Res\u00fcmee<\/h2>\n<p>Bildqualit\u00e4t und Potenzial des RAW sind eine deutliche Steigerung gegen\u00fcber der 7D (und damit mit Sicherheit gegen\u00fcber allen APS-C Modellen).<\/p>\n<p>Leider macht sich der Beschnitt gegen\u00fcber der 5\u00b3 in der Bedienung bemerkbar. (Wenn er mir auch, um es ganz deutlich zu sagen, den Aufpreis und das Mehrgewicht nicht wert ist!)<\/p>\n<p>Die GPS Funktionalit\u00e4t in der Kamera ist nett. WLAN hat sehr gro\u00dfes Potenzial sobald sich die App-Programmierer mal endlich darauf eingeschossen haben.<\/p>\n<p>Ein wunderbares Werkzeug, es motiviert, es ist nicht zu verspielt um abzulenken aber es bleibt nat\u00fcrlich dabei das Bild wird hinter der Kamera gemacht!<br \/>\n(&#8230;wird fortgesetzt&#8230;)<\/p>\n<p>&nbsp;<\/p>\n<p>Foto: Canon<\/p>\n","protected":false},"excerpt":{"rendered":"<p>(1. Erg\u00e4nzung vom 1.5.) Seit einigen Tagen freue ich mich an meinem neuen Arbeitsger\u00e4t &#8211; einer Canon EOS 6D Zun\u00e4chst war ich \u00fcberrascht wie klein sich Vollformat anf\u00fchlt. \ud83d\ude09 Gegen die 7D sieht sie wie eine kleinere Schwester aus &#8211; &hellip; <a href=\"http:\/\/www.eissner-dresden.de\/blog\/?p=414\">Weiterlesen <span class=\"meta-nav\">&rarr;<\/span><\/a><\/p>\n","protected":false},"author":1,"featured_media":0,"comment_status":"open","ping_status":"open","sticky":false,"template":"","format":"standard","meta":{"footnotes":""},"categories":[1,16],"tags":[36,30,17],"class_list":["post-414","post","type-post","status-publish","format-standard","hentry","category-allgemein","category-ausrustung","tag-ausrustung","tag-canon","tag-technik"],"_links":{"self":[{"href":"http:\/\/www.eissner-dresden.de\/blog\/index.php?rest_route=\/wp\/v2\/posts\/414"}],"collection":[{"href":"http:\/\/www.eissner-dresden.de\/blog\/index.php?rest_route=\/wp\/v2\/posts"}],"about":[{"href":"http:\/\/www.eissner-dresden.de\/blog\/index.php?rest_route=\/wp\/v2\/types\/post"}],"author":[{"embeddable":true,"href":"http:\/\/www.eissner-dresden.de\/blog\/index.php?rest_route=\/wp\/v2\/users\/1"}],"replies":[{"embeddable":true,"href":"http:\/\/www.eissner-dresden.de\/blog\/index.php?rest_route=%2Fwp%2Fv2%2Fcomments&post=414"}],"version-history":[{"count":13,"href":"http:\/\/www.eissner-dresden.de\/blog\/index.php?rest_route=\/wp\/v2\/posts\/414\/revisions"}],"predecessor-version":[{"id":668,"href":"http:\/\/www.eissner-dresden.de\/blog\/index.php?rest_route=\/wp\/v2\/posts\/414\/revisions\/668"}],"wp:attachment":[{"href":"http:\/\/www.eissner-dresden.de\/blog\/index.php?rest_route=%2Fwp%2Fv2%2Fmedia&parent=414"}],"wp:term":[{"taxonomy":"category","embeddable":true,"href":"http:\/\/www.eissner-dresden.de\/blog\/index.php?rest_route=%2Fwp%2Fv2%2Fcategories&post=414"},{"taxonomy":"post_tag","embeddable":true,"href":"http:\/\/www.eissner-dresden.de\/blog\/index.php?rest_route=%2Fwp%2Fv2%2Ftags&post=414"}],"curies":[{"name":"wp","href":"https:\/\/api.w.org\/{rel}","templated":true}]}}