{"id":66,"date":"2011-12-23T12:52:13","date_gmt":"2011-12-23T11:52:13","guid":{"rendered":"http:\/\/eissner-dresden.de\/blog\/?p=66"},"modified":"2012-01-01T10:15:33","modified_gmt":"2012-01-01T09:15:33","slug":"blendenflecken-und-reflexe","status":"publish","type":"post","link":"http:\/\/www.eissner-dresden.de\/blog\/?p=66","title":{"rendered":"Blendenflecken und Reflexe"},"content":{"rendered":"<p><a href=\"http:\/\/eissner-dresden.de\/blog\/wp-content\/uploads\/2011\/12\/flair_1.jpg\"><img loading=\"lazy\" decoding=\"async\" class=\"alignleft size-full wp-image-67\" title=\"Belendenflecken und Reflexe\" src=\"http:\/\/eissner-dresden.de\/blog\/wp-content\/uploads\/2011\/12\/flair_1.jpg\" alt=\"\" width=\"400\" height=\"267\" srcset=\"http:\/\/www.eissner-dresden.de\/blog\/wp-content\/uploads\/2011\/12\/flair_1.jpg 400w, http:\/\/www.eissner-dresden.de\/blog\/wp-content\/uploads\/2011\/12\/flair_1-300x200.jpg 300w\" sizes=\"(max-width: 400px) 100vw, 400px\" \/><\/a><strong>Unorthodoxe Gegenma\u00dfnahmen \ud83d\ude09<\/strong><\/p>\n<p>Wer kennt das Problem nicht, kaum kommt die Sonne ins Bild schon bilden sich Blendenflecken und Reflexe im Objektiv. Leider neigen sie auch noch dazu besonders ausgepr\u00e4gt zu sein, wenn die Sonne aus dem Zentrum des Bildes in die gestalterisch wertvolleren Positionen wandert. Leider l\u00e4sst sich das Problem nicht mal mit finanziellem Aufwand allein sicher vermeiden, auch sehr teure Objektive schlagen sich mit dem Problem (wenn auch oft milder) und selbst edle Festbrennweiten sind nicht ganz sicher.<!--more--><br \/>\n<a href=\"http:\/\/eissner-dresden.de\/blog\/wp-content\/uploads\/2011\/12\/flair_2.jpg\"><img loading=\"lazy\" decoding=\"async\" class=\"alignleft size-full wp-image-68\" title=\"Aufnahme mit verdeckter Sonne\" src=\"http:\/\/eissner-dresden.de\/blog\/wp-content\/uploads\/2011\/12\/flair_2.jpg\" alt=\"\" width=\"400\" height=\"267\" srcset=\"http:\/\/www.eissner-dresden.de\/blog\/wp-content\/uploads\/2011\/12\/flair_2.jpg 400w, http:\/\/www.eissner-dresden.de\/blog\/wp-content\/uploads\/2011\/12\/flair_2-300x200.jpg 300w\" sizes=\"(max-width: 400px) 100vw, 400px\" \/><\/a><br \/>\n<strong>Daumen runter f\u00fcr die Flares<\/strong><\/p>\n<p>Eine unorthodoxe Methode das Problem in den Griff zu bekommen setzt bei der Aufnahme an. Voraussetzung ist die Benutzung eines Statives und manuelle Belichtungssteuerung (oder Belichtungsspeicherung und ggf auch manuelle Scharfstellung). Das erste Bild oder die erste Serie wird wie gewohnt fotografiert. Dann aber folgt eine zweite Aufnahme oder Serie mit abgedeckter Sonne. Dazu reicht es schon, wie beim Belichtungsmessen, den Daumen genau vor die Sonne zu halten. Ein Stift oder \u00e4hnliches erf\u00fcllt den Zweck nat\u00fcrlich auch.<br \/>\n<a href=\"http:\/\/eissner-dresden.de\/blog\/wp-content\/uploads\/2011\/12\/flair_3.jpg\"><img loading=\"lazy\" decoding=\"async\" class=\"alignleft size-full wp-image-69\" title=\"\u00dcberlagerte Aufnahmen\" src=\"http:\/\/eissner-dresden.de\/blog\/wp-content\/uploads\/2011\/12\/flair_3.jpg\" alt=\"\" width=\"400\" height=\"267\" srcset=\"http:\/\/www.eissner-dresden.de\/blog\/wp-content\/uploads\/2011\/12\/flair_3.jpg 400w, http:\/\/www.eissner-dresden.de\/blog\/wp-content\/uploads\/2011\/12\/flair_3-300x200.jpg 300w\" sizes=\"(max-width: 400px) 100vw, 400px\" \/><\/a><br \/>\n<strong>Bildbearbeitung am Computer<\/strong><\/p>\n<p>In der Bildbearbeitung werden nun beide Aufnahmen \u00fcbereinander gelegt und je nach Motiv, Lichtsituation und St\u00e4rke der Reflexe entweder die Stellen aus dem Bild mit dem Daumen partiell \u00fcberlagert und damit wiederhergestellt oder umgekehrt nur die Bereiche der Blendenflecke. Das geht unter Nutzung von Ebenen am besten. Werden beide Aufnahmen aus RAW-Daten entwickelt sollte die Entwicklungseinstellungen gleich sein (Bei vielen Programmen kann man die Entwicklungseinstellungen \u00fcbertragen\/kopieren.).<br \/>\n<a href=\"http:\/\/eissner-dresden.de\/blog\/wp-content\/uploads\/2011\/12\/flair_4.jpg\"><img loading=\"lazy\" decoding=\"async\" class=\"alignleft size-full wp-image-70\" title=\"Variante 2\" src=\"http:\/\/eissner-dresden.de\/blog\/wp-content\/uploads\/2011\/12\/flair_4.jpg\" alt=\"\" width=\"400\" height=\"267\" srcset=\"http:\/\/www.eissner-dresden.de\/blog\/wp-content\/uploads\/2011\/12\/flair_4.jpg 400w, http:\/\/www.eissner-dresden.de\/blog\/wp-content\/uploads\/2011\/12\/flair_4-300x200.jpg 300w\" sizes=\"(max-width: 400px) 100vw, 400px\" \/><\/a><br \/>\nJe nach beabsichtigter Bildwirkung und Thematik kann man nat\u00fcrlich auch Teile von Blendenflecken, Reflexe oder \u00dcberstrahlungen kontrolliert in das fertige Bild einbeziehen.<\/p>\n<p>Bei Interesse kann ich dazu hier auch gern gelegentlich einen ausf\u00fchrlicheren Workshop ver\u00f6ffentlichen.<\/p>\n<p>Das Bild wurde aufgenommen mit einem EF 4 17-40L an einer EOS 7D &#8211; ansonsten eine gro\u00dfartige Kombination mit sehr guter Bildqualit\u00e4t<\/p>\n","protected":false},"excerpt":{"rendered":"<p>Unorthodoxe Gegenma\u00dfnahmen \ud83d\ude09 Wer kennt das Problem nicht, kaum kommt die Sonne ins Bild schon bilden sich Blendenflecken und Reflexe im Objektiv. Leider neigen sie auch noch dazu besonders ausgepr\u00e4gt zu sein, wenn die Sonne aus dem Zentrum des Bildes &hellip; <a href=\"http:\/\/www.eissner-dresden.de\/blog\/?p=66\">Weiterlesen <span class=\"meta-nav\">&rarr;<\/span><\/a><\/p>\n","protected":false},"author":1,"featured_media":0,"comment_status":"open","ping_status":"open","sticky":false,"template":"","format":"standard","meta":{"footnotes":""},"categories":[8,9],"tags":[34,13,11,10,14,12],"class_list":["post-66","post","type-post","status-publish","format-standard","hentry","category-aufnahmetechnik","category-bildbearbeitung","tag-aufnahmetechnik","tag-bildfehler","tag-blendenflecke","tag-flares","tag-fotografie","tag-reflex"],"_links":{"self":[{"href":"http:\/\/www.eissner-dresden.de\/blog\/index.php?rest_route=\/wp\/v2\/posts\/66"}],"collection":[{"href":"http:\/\/www.eissner-dresden.de\/blog\/index.php?rest_route=\/wp\/v2\/posts"}],"about":[{"href":"http:\/\/www.eissner-dresden.de\/blog\/index.php?rest_route=\/wp\/v2\/types\/post"}],"author":[{"embeddable":true,"href":"http:\/\/www.eissner-dresden.de\/blog\/index.php?rest_route=\/wp\/v2\/users\/1"}],"replies":[{"embeddable":true,"href":"http:\/\/www.eissner-dresden.de\/blog\/index.php?rest_route=%2Fwp%2Fv2%2Fcomments&post=66"}],"version-history":[{"count":11,"href":"http:\/\/www.eissner-dresden.de\/blog\/index.php?rest_route=\/wp\/v2\/posts\/66\/revisions"}],"predecessor-version":[{"id":74,"href":"http:\/\/www.eissner-dresden.de\/blog\/index.php?rest_route=\/wp\/v2\/posts\/66\/revisions\/74"}],"wp:attachment":[{"href":"http:\/\/www.eissner-dresden.de\/blog\/index.php?rest_route=%2Fwp%2Fv2%2Fmedia&parent=66"}],"wp:term":[{"taxonomy":"category","embeddable":true,"href":"http:\/\/www.eissner-dresden.de\/blog\/index.php?rest_route=%2Fwp%2Fv2%2Fcategories&post=66"},{"taxonomy":"post_tag","embeddable":true,"href":"http:\/\/www.eissner-dresden.de\/blog\/index.php?rest_route=%2Fwp%2Fv2%2Ftags&post=66"}],"curies":[{"name":"wp","href":"https:\/\/api.w.org\/{rel}","templated":true}]}}