{"id":755,"date":"2013-09-30T17:32:17","date_gmt":"2013-09-30T16:32:17","guid":{"rendered":"http:\/\/www.eissner-dresden.de\/blog\/?p=755"},"modified":"2013-09-30T17:36:38","modified_gmt":"2013-09-30T16:36:38","slug":"fruehherbst-foto-marathon-teil-iii","status":"publish","type":"post","link":"http:\/\/www.eissner-dresden.de\/blog\/?p=755","title":{"rendered":"Fr\u00fchherbst-Foto-Marathon Teil III"},"content":{"rendered":"<p><a href=\"http:\/\/www.eissner-dresden.de\/blog\/wp-content\/uploads\/2013\/09\/6D_08823_ML_400.jpg\"><img loading=\"lazy\" decoding=\"async\" class=\"alignleft size-full wp-image-756\" alt=\"6D_08823_ML_400\" src=\"http:\/\/www.eissner-dresden.de\/blog\/wp-content\/uploads\/2013\/09\/6D_08823_ML_400.jpg\" width=\"400\" height=\"267\" srcset=\"http:\/\/www.eissner-dresden.de\/blog\/wp-content\/uploads\/2013\/09\/6D_08823_ML_400.jpg 400w, http:\/\/www.eissner-dresden.de\/blog\/wp-content\/uploads\/2013\/09\/6D_08823_ML_400-300x200.jpg 300w\" sizes=\"(max-width: 400px) 100vw, 400px\" \/><\/a>Am Sonntag darf man es etwas ruhig angehen. Also Rathen. Allerdings nicht auf die Bastei, sondern auf den gegen\u00fcberliegenden Plattenstein.<\/p>\n<address><span style=\"color: #808080;\">Sonnenaufgang gegen die Gansfelsen (17mm Weitwinkel)<\/span><\/address>\n<p><!--more-->Auf dem Weg durch Pirna ist es schon ziemlich nebelig. Wenn das so bleibt, ist Rathen wohl keine so gute Idee, zur Not m\u00fcsste man auf den Pfaffenstein ausweichen, der schaut auch aus dem dicksten Nebel zuverl\u00e4ssig heraus. Aber kurz vor Lohmen lichtet sich die Suppe wieder. Als ich auf den Basteiparkplatz zu rolle herrscht dort schon gesch\u00e4ftiges Treiben. Hoffentlich haben sie alle Platzkarten \ud83d\ude09<\/p>\n<p>Heute ist es trotz des d\u00fcrren Mondes hell genug um meist ohne Taschenlampe dem Weg zu folgen. \u00a0Bis zum Einstieg des Alten Weges ist es ja auch nur ein kurzes St\u00fcck ohne gro\u00dfe H\u00f6henunterschiede. Beim letzten Mal hatte ich die Ausr\u00fcstung \u00fcber die glatte Wand links vom Alten Weg aufgeseilt, da waren wir aber auch zu zweit gewesen. Ich will versuchen, den Rucksack im Kamin hoch zu schieben um mir diesmal weniger Arbeit zu machen. Das klappt auch ganz gut, bombenfest klemmt das Gep\u00e4ck. Allerdings versperrte es nun auch v\u00f6llig den Kamin. Ich zw\u00e4nge mich also statt dessen zwischen einem Baum und der Kaminecke links vom Weg hinauf. Es sind ja nur gut zwei Meter, dann ist ein Absatz im Kamin und ab da kann man mit Gep\u00e4ck die engeren Stellen umgehen.<\/p>\n<p>Auf dem Absatz unterm Gipfelaufbau mache ich die ersten Fotos. Da es recht absch\u00fcssig und mit dem Heidekraut auch t\u00fcckisch ist packe ich das Seil doch aus, um mich zu sichern. Der Nebel ist phantastisch und der Morgen k\u00fcndigt sich wunderbar gl\u00fchend an. Nach der ersten Serie steige ich zum Gipfel hinauf, um von dort ein paar Bilder \u00fcber die Gans und nach gegen\u00fcber zur Bastei zu machen.<\/p>\n<p><a href=\"http:\/\/www.eissner-dresden.de\/blog\/wp-content\/uploads\/2013\/09\/6D_08681_400_A.jpg\"><img loading=\"lazy\" decoding=\"async\" class=\"alignleft size-full wp-image-759\" alt=\"6D_08681_400_A\" src=\"http:\/\/www.eissner-dresden.de\/blog\/wp-content\/uploads\/2013\/09\/6D_08681_400_A.jpg\" width=\"400\" height=\"267\" srcset=\"http:\/\/www.eissner-dresden.de\/blog\/wp-content\/uploads\/2013\/09\/6D_08681_400_A.jpg 400w, http:\/\/www.eissner-dresden.de\/blog\/wp-content\/uploads\/2013\/09\/6D_08681_400_A-300x200.jpg 300w\" sizes=\"(max-width: 400px) 100vw, 400px\" \/><\/a>Auf der Aussicht auf dem Ferdinandstein gegen\u00fcber \u00a0ist viel los, um so mehr freue ich mich \u00fcber meinen Frieden hier oben. Da ich diesmal recht zeitig dran bin, bleibt ein bi\u00dfchen Mu\u00dfe zum Genie\u00dfen! Den Sonnenaufgang selbst will ich wieder unten vom Absatz aus, gegen die Gansfelsen fotografieren. Das hat auch f\u00fcr die Fotografen auf der Bastei den Vorteil, das ich nicht im Weg herumstehe \ud83d\ude09<\/p>\n<p>Am Fu\u00df der Gans kampieren ein paar Kletterer \u2013 allerdings nicht wie es sich geh\u00f6rt in einer Boofe sondern unter einem Tarp am Wandfu\u00df :-\/ (Zu ihrer Ehrenrettung sei angemerkt, das die Plane wenigstens gr\u00fcn war.) Das beschr\u00e4nkt den Bildwinkel nach unten leider etwas. Leider steigt auch der Nebel unmittelbar vor Sonnenaufgang und wird diffuser. Gegen halb acht seile ich vom Plattenstein wieder ab. Das hat den Vorteil, das man gleich wieder auf dem Weg heraus kommt und das Seil hatte ich zum Sichern ja eh schon ausgepackt. Nebel und Licht sind immer noch sch\u00f6n und so werden auch noch ein paar Bilder vom Wandfu\u00df aus und auf dem R\u00fcckweg von der Aussicht oberhalb von Wehlnadel und Schalk.<a href=\"http:\/\/www.eissner-dresden.de\/blog\/wp-content\/uploads\/2013\/09\/6D_08865_ML_400.jpg\"><img loading=\"lazy\" decoding=\"async\" class=\"alignleft size-full wp-image-757\" alt=\"6D_08865_ML_400\" src=\"http:\/\/www.eissner-dresden.de\/blog\/wp-content\/uploads\/2013\/09\/6D_08865_ML_400.jpg\" width=\"400\" height=\"267\" srcset=\"http:\/\/www.eissner-dresden.de\/blog\/wp-content\/uploads\/2013\/09\/6D_08865_ML_400.jpg 400w, http:\/\/www.eissner-dresden.de\/blog\/wp-content\/uploads\/2013\/09\/6D_08865_ML_400-300x200.jpg 300w\" sizes=\"(max-width: 400px) 100vw, 400px\" \/><\/a><\/p>\n<address><span style=\"color: #999999;\">Die Bastei vom gegen\u00fcberliegenden Plattenstein aus gesehen. (ca 10 Minuten nach Sonnenaufgang, 29mm)<\/span><\/address>\n","protected":false},"excerpt":{"rendered":"<p>Am Sonntag darf man es etwas ruhig angehen. Also Rathen. Allerdings nicht auf die Bastei, sondern auf den gegen\u00fcberliegenden Plattenstein. Sonnenaufgang gegen die Gansfelsen (17mm Weitwinkel)<\/p>\n","protected":false},"author":1,"featured_media":0,"comment_status":"open","ping_status":"open","sticky":false,"template":"","format":"standard","meta":{"footnotes":""},"categories":[6,19],"tags":[],"class_list":["post-755","post","type-post","status-publish","format-standard","hentry","category-sachsische-schweiz","category-tourbericht"],"_links":{"self":[{"href":"http:\/\/www.eissner-dresden.de\/blog\/index.php?rest_route=\/wp\/v2\/posts\/755"}],"collection":[{"href":"http:\/\/www.eissner-dresden.de\/blog\/index.php?rest_route=\/wp\/v2\/posts"}],"about":[{"href":"http:\/\/www.eissner-dresden.de\/blog\/index.php?rest_route=\/wp\/v2\/types\/post"}],"author":[{"embeddable":true,"href":"http:\/\/www.eissner-dresden.de\/blog\/index.php?rest_route=\/wp\/v2\/users\/1"}],"replies":[{"embeddable":true,"href":"http:\/\/www.eissner-dresden.de\/blog\/index.php?rest_route=%2Fwp%2Fv2%2Fcomments&post=755"}],"version-history":[{"count":2,"href":"http:\/\/www.eissner-dresden.de\/blog\/index.php?rest_route=\/wp\/v2\/posts\/755\/revisions"}],"predecessor-version":[{"id":760,"href":"http:\/\/www.eissner-dresden.de\/blog\/index.php?rest_route=\/wp\/v2\/posts\/755\/revisions\/760"}],"wp:attachment":[{"href":"http:\/\/www.eissner-dresden.de\/blog\/index.php?rest_route=%2Fwp%2Fv2%2Fmedia&parent=755"}],"wp:term":[{"taxonomy":"category","embeddable":true,"href":"http:\/\/www.eissner-dresden.de\/blog\/index.php?rest_route=%2Fwp%2Fv2%2Fcategories&post=755"},{"taxonomy":"post_tag","embeddable":true,"href":"http:\/\/www.eissner-dresden.de\/blog\/index.php?rest_route=%2Fwp%2Fv2%2Ftags&post=755"}],"curies":[{"name":"wp","href":"https:\/\/api.w.org\/{rel}","templated":true}]}}