{"id":761,"date":"2013-10-02T17:42:51","date_gmt":"2013-10-02T16:42:51","guid":{"rendered":"http:\/\/www.eissner-dresden.de\/blog\/?p=761"},"modified":"2013-10-02T17:43:33","modified_gmt":"2013-10-02T16:43:33","slug":"fruehherbst-foto-marathon-teil-iv-early-bird-2th","status":"publish","type":"post","link":"http:\/\/www.eissner-dresden.de\/blog\/?p=761","title":{"rendered":"Fr\u00fchherbst-Foto-Marathon Teil IV | Early-Bird 2th"},"content":{"rendered":"<p><a href=\"http:\/\/www.eissner-dresden.de\/blog\/wp-content\/uploads\/2013\/09\/6D_09258_400.jpg\"><img loading=\"lazy\" decoding=\"async\" class=\"alignleft size-full wp-image-763\" alt=\"6D_09258_400\" src=\"http:\/\/www.eissner-dresden.de\/blog\/wp-content\/uploads\/2013\/09\/6D_09258_400.jpg\" width=\"400\" height=\"267\" srcset=\"http:\/\/www.eissner-dresden.de\/blog\/wp-content\/uploads\/2013\/09\/6D_09258_400.jpg 400w, http:\/\/www.eissner-dresden.de\/blog\/wp-content\/uploads\/2013\/09\/6D_09258_400-300x200.jpg 300w\" sizes=\"(max-width: 400px) 100vw, 400px\" \/><\/a>Mit der letzten Station schlie\u00dft sich der Kreis &#8211; wieder auf der Festung K\u00f6nigstein zum Wiederholungstermin der Early-Bird-Session 2013. Beim ersten Versuch war der Nebel auf der Elbseite etwas zu hoch gewesen. Leider zeigte sich der Mann an der Nebelmaschine auch diesmal etwas launisch. W\u00e4hrend Pirna und Rathen im Nebel versanken, g\u00e4hnte \u00fcber K\u00f6nigstein ein Nebelloch! Unverzagt bezogen wir aber unsere Stellungen unterhalb der Webcam. Es muss witzig ausgesehen haben, die Fotografenschar hinter ihren Stativen live im Internet.<!--more--><a href=\"http:\/\/www.eissner-dresden.de\/blog\/wp-content\/uploads\/2013\/09\/6D_09256_400.jpg\"><img loading=\"lazy\" decoding=\"async\" class=\"alignleft size-full wp-image-762\" alt=\"6D_09256_400\" src=\"http:\/\/www.eissner-dresden.de\/blog\/wp-content\/uploads\/2013\/09\/6D_09256_400.jpg\" width=\"400\" height=\"267\" srcset=\"http:\/\/www.eissner-dresden.de\/blog\/wp-content\/uploads\/2013\/09\/6D_09256_400.jpg 400w, http:\/\/www.eissner-dresden.de\/blog\/wp-content\/uploads\/2013\/09\/6D_09256_400-300x200.jpg 300w\" sizes=\"(max-width: 400px) 100vw, 400px\" \/><\/a>Zun\u00e4chst mal war ich aber et<a href=\"http:\/\/www.eissner-dresden.de\/blog\/wp-content\/uploads\/2013\/10\/6D_09479_ML_400.jpg\"><img loading=\"lazy\" decoding=\"async\" class=\"alignleft size-full wp-image-770\" alt=\"Friedrichsburg\" src=\"http:\/\/www.eissner-dresden.de\/blog\/wp-content\/uploads\/2013\/10\/6D_09479_ML_400.jpg\" width=\"400\" height=\"267\" srcset=\"http:\/\/www.eissner-dresden.de\/blog\/wp-content\/uploads\/2013\/10\/6D_09479_ML_400.jpg 400w, http:\/\/www.eissner-dresden.de\/blog\/wp-content\/uploads\/2013\/10\/6D_09479_ML_400-300x200.jpg 300w\" sizes=\"(max-width: 400px) 100vw, 400px\" \/><\/a>was zu fr\u00fch dran. Beim Warten entstanden unter anderem dieses Bilder von Festung und Sternenhimmel.<\/p>\n<p>&nbsp;<\/p>\n<p>&nbsp;<\/p>\n<p>&nbsp;<\/p>\n<p>Friedrichsburg bei Sonnenaufgang<\/p>\n<p>&nbsp;<\/p>\n<p>&nbsp;<\/p>\n<p>&nbsp;<\/p>\n<p>&nbsp;<\/p>\n<p><a href=\"http:\/\/www.eissner-dresden.de\/blog\/wp-content\/uploads\/2013\/10\/6D_09533_HDR_A_400.jpg\"><img loading=\"lazy\" decoding=\"async\" class=\"alignleft size-full wp-image-771\" alt=\"6D_09533_HDR_A_400\" src=\"http:\/\/www.eissner-dresden.de\/blog\/wp-content\/uploads\/2013\/10\/6D_09533_HDR_A_400.jpg\" width=\"400\" height=\"267\" srcset=\"http:\/\/www.eissner-dresden.de\/blog\/wp-content\/uploads\/2013\/10\/6D_09533_HDR_A_400.jpg 400w, http:\/\/www.eissner-dresden.de\/blog\/wp-content\/uploads\/2013\/10\/6D_09533_HDR_A_400-300x200.jpg 300w\" sizes=\"(max-width: 400px) 100vw, 400px\" \/><\/a><\/p>\n<p>Early-Birds \ud83d\ude09<\/p>\n<p>&nbsp;<\/p>\n<p>&nbsp;<\/p>\n<p>&nbsp;<\/p>\n<p>&nbsp;<\/p>\n<p><a href=\"http:\/\/www.eissner-dresden.de\/blog\/wp-content\/uploads\/2013\/10\/6D_09545_400.jpg\"><img loading=\"lazy\" decoding=\"async\" class=\"alignleft size-full wp-image-772\" alt=\"6D_09545_400\" src=\"http:\/\/www.eissner-dresden.de\/blog\/wp-content\/uploads\/2013\/10\/6D_09545_400.jpg\" width=\"400\" height=\"267\" srcset=\"http:\/\/www.eissner-dresden.de\/blog\/wp-content\/uploads\/2013\/10\/6D_09545_400.jpg 400w, http:\/\/www.eissner-dresden.de\/blog\/wp-content\/uploads\/2013\/10\/6D_09545_400-300x200.jpg 300w\" sizes=\"(max-width: 400px) 100vw, 400px\" \/><\/a><\/p>\n<p>Strahlende Aussichten<\/p>\n","protected":false},"excerpt":{"rendered":"<p>Mit der letzten Station schlie\u00dft sich der Kreis &#8211; wieder auf der Festung K\u00f6nigstein zum Wiederholungstermin der Early-Bird-Session 2013. Beim ersten Versuch war der Nebel auf der Elbseite etwas zu hoch gewesen. Leider zeigte sich der Mann an der Nebelmaschine &hellip; <a href=\"http:\/\/www.eissner-dresden.de\/blog\/?p=761\">Weiterlesen <span class=\"meta-nav\">&rarr;<\/span><\/a><\/p>\n","protected":false},"author":1,"featured_media":0,"comment_status":"open","ping_status":"open","sticky":false,"template":"","format":"standard","meta":{"footnotes":""},"categories":[1],"tags":[],"class_list":["post-761","post","type-post","status-publish","format-standard","hentry","category-allgemein"],"_links":{"self":[{"href":"http:\/\/www.eissner-dresden.de\/blog\/index.php?rest_route=\/wp\/v2\/posts\/761"}],"collection":[{"href":"http:\/\/www.eissner-dresden.de\/blog\/index.php?rest_route=\/wp\/v2\/posts"}],"about":[{"href":"http:\/\/www.eissner-dresden.de\/blog\/index.php?rest_route=\/wp\/v2\/types\/post"}],"author":[{"embeddable":true,"href":"http:\/\/www.eissner-dresden.de\/blog\/index.php?rest_route=\/wp\/v2\/users\/1"}],"replies":[{"embeddable":true,"href":"http:\/\/www.eissner-dresden.de\/blog\/index.php?rest_route=%2Fwp%2Fv2%2Fcomments&post=761"}],"version-history":[{"count":4,"href":"http:\/\/www.eissner-dresden.de\/blog\/index.php?rest_route=\/wp\/v2\/posts\/761\/revisions"}],"predecessor-version":[{"id":775,"href":"http:\/\/www.eissner-dresden.de\/blog\/index.php?rest_route=\/wp\/v2\/posts\/761\/revisions\/775"}],"wp:attachment":[{"href":"http:\/\/www.eissner-dresden.de\/blog\/index.php?rest_route=%2Fwp%2Fv2%2Fmedia&parent=761"}],"wp:term":[{"taxonomy":"category","embeddable":true,"href":"http:\/\/www.eissner-dresden.de\/blog\/index.php?rest_route=%2Fwp%2Fv2%2Fcategories&post=761"},{"taxonomy":"post_tag","embeddable":true,"href":"http:\/\/www.eissner-dresden.de\/blog\/index.php?rest_route=%2Fwp%2Fv2%2Ftags&post=761"}],"curies":[{"name":"wp","href":"https:\/\/api.w.org\/{rel}","templated":true}]}}