{"id":798,"date":"2013-10-31T19:52:36","date_gmt":"2013-10-31T18:52:36","guid":{"rendered":"http:\/\/www.eissner-dresden.de\/blog\/?p=798"},"modified":"2013-10-31T19:54:41","modified_gmt":"2013-10-31T18:54:41","slug":"kurzbericht-island","status":"publish","type":"post","link":"http:\/\/www.eissner-dresden.de\/blog\/?p=798","title":{"rendered":"Kurzbericht Island"},"content":{"rendered":"<p>Am Donnerstag gegen 15:00 Uhr landete unser Flieger auf dem Flughafen Keflavik <em>(sprich:Keplawiek)<\/em> in Island. Nach dem Check-In im Hotel Berg machen wir uns auf den Weg zu einer kurzen Visite in Reykjavik. <a href=\"http:\/\/www.eissner-dresden.de\/blog\/wp-content\/uploads\/2013\/10\/6D_11203_400.jpg\"><img loading=\"lazy\" decoding=\"async\" class=\"alignleft size-full wp-image-799\" alt=\"6D_11203_400\" src=\"http:\/\/www.eissner-dresden.de\/blog\/wp-content\/uploads\/2013\/10\/6D_11203_400.jpg\" width=\"400\" height=\"267\" srcset=\"http:\/\/www.eissner-dresden.de\/blog\/wp-content\/uploads\/2013\/10\/6D_11203_400.jpg 400w, http:\/\/www.eissner-dresden.de\/blog\/wp-content\/uploads\/2013\/10\/6D_11203_400-300x200.jpg 300w\" sizes=\"(max-width: 400px) 100vw, 400px\" \/><\/a><\/p>\n<p>&nbsp;<\/p>\n<p>&nbsp;<\/p>\n<p>&nbsp;<\/p>\n<p>&nbsp;<\/p>\n<p>&nbsp;<\/p>\n<p>&nbsp;<\/p>\n<p><!--more-->Am Morgen geht es nach Norden zur Halbinsel Sn\u00e6fellsnes <em>(sprich: Snaifelsnes)<\/em> (aus der Jugend noch Jules Verne in Erinnerung? \ud83d\ude09<\/p>\n<p><a href=\"http:\/\/www.eissner-dresden.de\/blog\/wp-content\/uploads\/2013\/10\/6D_11660_400.jpg\"><img loading=\"lazy\" decoding=\"async\" class=\"alignleft size-full wp-image-801\" alt=\"6D_11660_400\" src=\"http:\/\/www.eissner-dresden.de\/blog\/wp-content\/uploads\/2013\/10\/6D_11660_400.jpg\" width=\"400\" height=\"267\" srcset=\"http:\/\/www.eissner-dresden.de\/blog\/wp-content\/uploads\/2013\/10\/6D_11660_400.jpg 400w, http:\/\/www.eissner-dresden.de\/blog\/wp-content\/uploads\/2013\/10\/6D_11660_400-300x200.jpg 300w\" sizes=\"(max-width: 400px) 100vw, 400px\" \/><\/a>Hauptziel ist allerdings nicht der Vulkan sondern der Kirkjufell <em>(sprich: Kirkjufetl)<\/em>. Leider ist nur ganz im Westen der Halbinsel das Wetter klar. Absoluter Traum w\u00e4re der Kirkjufell mit Polarlicht dahinter gewesen. Tja, der\u00a0 Berg war da, wir waren da und sogar das Polarlicht war da \u2013 nur leider mit viel zu viel Wolken zwischen uns und der Aurora. Von unserem Quartier aus lie\u00df sich das gr\u00fcne Leuchten zwar durch die Wolken ahnen das war\u2018s dann aber auch :-\/<a href=\"http:\/\/www.eissner-dresden.de\/blog\/wp-content\/uploads\/2013\/10\/6D_11856_A400.jpg\"><img loading=\"lazy\" decoding=\"async\" class=\"alignleft size-full wp-image-802\" alt=\"6D_11856_A400\" src=\"http:\/\/www.eissner-dresden.de\/blog\/wp-content\/uploads\/2013\/10\/6D_11856_A400.jpg\" width=\"400\" height=\"267\" srcset=\"http:\/\/www.eissner-dresden.de\/blog\/wp-content\/uploads\/2013\/10\/6D_11856_A400.jpg 400w, http:\/\/www.eissner-dresden.de\/blog\/wp-content\/uploads\/2013\/10\/6D_11856_A400-300x200.jpg 300w\" sizes=\"(max-width: 400px) 100vw, 400px\" \/><\/a><\/p>\n<p>Durch ein Wolkenloch ist das Polarlicht zu ahnen!<\/p>\n<p>&nbsp;<\/p>\n<p>&nbsp;<\/p>\n<p>&nbsp;<\/p>\n<p>&nbsp;<\/p>\n<p>Ziel des n\u00e4chsten Tages war der Golden Circle. W\u00e4hrend einige Landschaften beeindruckend und sch\u00f6n waren, so war das Umfeld des Geothermalfeldes selbst entt\u00e4uschend. Besonders wenn man im gleichen Jahr schon im Yellowstone war!\u00a0 <a href=\"http:\/\/www.eissner-dresden.de\/blog\/wp-content\/uploads\/2013\/10\/6D_12201_A400.jpg\"><img loading=\"lazy\" decoding=\"async\" class=\"alignleft size-full wp-image-803\" alt=\"6D_12201_A400\" src=\"http:\/\/www.eissner-dresden.de\/blog\/wp-content\/uploads\/2013\/10\/6D_12201_A400.jpg\" width=\"400\" height=\"267\" srcset=\"http:\/\/www.eissner-dresden.de\/blog\/wp-content\/uploads\/2013\/10\/6D_12201_A400.jpg 400w, http:\/\/www.eissner-dresden.de\/blog\/wp-content\/uploads\/2013\/10\/6D_12201_A400-300x200.jpg 300w\" sizes=\"(max-width: 400px) 100vw, 400px\" \/><\/a><\/p>\n<p>Wartegemeinschaft am Gaysir<\/p>\n<p>&nbsp;<\/p>\n<p>&nbsp;<\/p>\n<p>&nbsp;<\/p>\n<p>&nbsp;<\/p>\n<p>&nbsp;<\/p>\n<p>Wir besuchten den Gullfoss<em> (sprich:Gutvoss)<\/em> und machten einen kurzen Ausflug weiter ins Hochland.<\/p>\n<p><em><a href=\"http:\/\/www.eissner-dresden.de\/blog\/wp-content\/uploads\/2013\/10\/6D_12502_400.jpg\"><img loading=\"lazy\" decoding=\"async\" class=\"alignleft size-full wp-image-804\" alt=\"6D_12502_400\" src=\"http:\/\/www.eissner-dresden.de\/blog\/wp-content\/uploads\/2013\/10\/6D_12502_400.jpg\" width=\"400\" height=\"267\" srcset=\"http:\/\/www.eissner-dresden.de\/blog\/wp-content\/uploads\/2013\/10\/6D_12502_400.jpg 400w, http:\/\/www.eissner-dresden.de\/blog\/wp-content\/uploads\/2013\/10\/6D_12502_400-300x200.jpg 300w\" sizes=\"(max-width: 400px) 100vw, 400px\" \/><\/a><\/em><\/p>\n<p>&nbsp;<\/p>\n<p>arctic road<\/p>\n<p>&nbsp;<\/p>\n<p>&nbsp;<\/p>\n<p>&nbsp;<\/p>\n<p>&nbsp;<\/p>\n<p>Dank der \u00dcbernachtung direkt im Hotel Gaysir konntne wir uns morgens noch mal einen Rundgang \u00fcber das Thermalfeld erlauben &#8211; allerdings leider zun\u00e4chst bei weitem nichts so unges\u00f6rt wie gedacht!<br \/>\nDann ging es in den S\u00fcden nach Vik i Myrdal (<em>sprich:Wiek i Mirdal<\/em>). Fotografisch ging es dabei vor allem um die Klippen von Dyrh\u00f3laey (<em>sprich:Dir-hola-i<\/em>). Dort gab es auch endlich schwaches Polarlicht zu sehen!<em> <\/em><\/p>\n<p><em><a href=\"http:\/\/www.eissner-dresden.de\/blog\/wp-content\/uploads\/2013\/10\/6D_13512_400.jpg\"><img loading=\"lazy\" decoding=\"async\" class=\"alignleft size-full wp-image-805\" alt=\"6D_13512_400\" src=\"http:\/\/www.eissner-dresden.de\/blog\/wp-content\/uploads\/2013\/10\/6D_13512_400.jpg\" width=\"400\" height=\"267\" srcset=\"http:\/\/www.eissner-dresden.de\/blog\/wp-content\/uploads\/2013\/10\/6D_13512_400.jpg 400w, http:\/\/www.eissner-dresden.de\/blog\/wp-content\/uploads\/2013\/10\/6D_13512_400-300x200.jpg 300w\" sizes=\"(max-width: 400px) 100vw, 400px\" \/><\/a><\/em><\/p>\n<p>&nbsp;<\/p>\n<p>&nbsp;<\/p>\n<p>&nbsp;<\/p>\n<p>&nbsp;<\/p>\n<p>&nbsp;<\/p>\n<p>&nbsp;<\/p>\n<p>Dann ging es zur\u00fcck nach Keflavik und am n\u00e4chsten Morgen (Dienstag) zur\u00fcck nach Berlin.<\/p>\n<p>Die ersten Bilder in einer eigenen Galerie gibt es in den n\u00e4chsten Tagen zusammen mit weiteren Informationen zum Fotografieren in Island. Einen vollst\u00e4ndiger Reisebericht ist ebenfalls in Arbeit.<\/p>\n<p>Einen Tipp aber mal gleich an dieser Stelle, f\u00fcr alle die mit isl\u00e4ndischen Ortsnamen ihre\u00a0 liebe Not haben kann ich die Seite <a href=\"http:\/\/de.forvo.com\" target=\"_blank\">http:\/\/de.forvo.com<\/a> schwer empfehlen. Dort bekommt man die meisten Ortsnamen vorgesprochen. \u00dcbrigens auch jenen &#8222;Vulkan in Island&#8220; an dem eine ganze Generation von Nachrichtensprechern verzweifelte. \ud83d\ude42<\/p>\n<p>&nbsp;<\/p>\n","protected":false},"excerpt":{"rendered":"<p>Am Donnerstag gegen 15:00 Uhr landete unser Flieger auf dem Flughafen Keflavik (sprich:Keplawiek) in Island. Nach dem Check-In im Hotel Berg machen wir uns auf den Weg zu einer kurzen Visite in Reykjavik. &nbsp; &nbsp; &nbsp; &nbsp; &nbsp; &nbsp;<\/p>\n","protected":false},"author":1,"featured_media":0,"comment_status":"open","ping_status":"open","sticky":false,"template":"","format":"standard","meta":{"footnotes":""},"categories":[32,19],"tags":[],"class_list":["post-798","post","type-post","status-publish","format-standard","hentry","category-island","category-tourbericht"],"_links":{"self":[{"href":"http:\/\/www.eissner-dresden.de\/blog\/index.php?rest_route=\/wp\/v2\/posts\/798"}],"collection":[{"href":"http:\/\/www.eissner-dresden.de\/blog\/index.php?rest_route=\/wp\/v2\/posts"}],"about":[{"href":"http:\/\/www.eissner-dresden.de\/blog\/index.php?rest_route=\/wp\/v2\/types\/post"}],"author":[{"embeddable":true,"href":"http:\/\/www.eissner-dresden.de\/blog\/index.php?rest_route=\/wp\/v2\/users\/1"}],"replies":[{"embeddable":true,"href":"http:\/\/www.eissner-dresden.de\/blog\/index.php?rest_route=%2Fwp%2Fv2%2Fcomments&post=798"}],"version-history":[{"count":1,"href":"http:\/\/www.eissner-dresden.de\/blog\/index.php?rest_route=\/wp\/v2\/posts\/798\/revisions"}],"predecessor-version":[{"id":807,"href":"http:\/\/www.eissner-dresden.de\/blog\/index.php?rest_route=\/wp\/v2\/posts\/798\/revisions\/807"}],"wp:attachment":[{"href":"http:\/\/www.eissner-dresden.de\/blog\/index.php?rest_route=%2Fwp%2Fv2%2Fmedia&parent=798"}],"wp:term":[{"taxonomy":"category","embeddable":true,"href":"http:\/\/www.eissner-dresden.de\/blog\/index.php?rest_route=%2Fwp%2Fv2%2Fcategories&post=798"},{"taxonomy":"post_tag","embeddable":true,"href":"http:\/\/www.eissner-dresden.de\/blog\/index.php?rest_route=%2Fwp%2Fv2%2Ftags&post=798"}],"curies":[{"name":"wp","href":"https:\/\/api.w.org\/{rel}","templated":true}]}}