{"id":222,"date":"2012-01-27T17:29:24","date_gmt":"2012-01-27T16:29:24","guid":{"rendered":"http:\/\/www.eissner-dresden.de\/blog\/?p=222"},"modified":"2012-01-27T18:02:20","modified_gmt":"2012-01-27T17:02:20","slug":"schilder-am-mahlerweg","status":"publish","type":"post","link":"https:\/\/www.eissner-dresden.de\/blog\/?p=222","title":{"rendered":"Schilder am Malerweg?"},"content":{"rendered":"<p>Auf seinen Facebookseiten &#8222;Malerweg&#8220; wirbt der\u00a0Tourismusverband S\u00e4chsische Schweiz e.V. daf\u00fcr, am Malerweg Infotafeln aufzustellen.<\/p>\n<p>An sich eine gute Sache&#8230;.<!--more--> Es ist schon interessant, die Stelle in der Natur mit der Darstellung im Bild zu vergleichen. Allerdings darf man den Initiatoren das dringend n\u00f6tige Fingerspitzengef\u00fchl w\u00fcnschen, das beim Aufstellen solcher Tafeln notwendig ist! Hier ging in der Vergangenheit schon manche gut gemeinte Idee nach hinten los. Wenn n\u00e4mlich die neue Tafel genau im Motiv steht und damit die Aussicht regelrecht verb(s)aut! Das kann noch so gut gemeint sein, dass man h\u00fcbsch Original und Bild miteinander vergleichen k\u00f6nnen soll &#8211; es zerst\u00f6rt schnell das Gesamtbild und wird dann zum \u00c4rgernis &#8211; nicht nur f\u00fcr Fotografen!<\/p>\n<p>Zuletzt kam die Nationalparkverwaltung mit der Infotafel vor der Idagrotte in die Kritik.<br \/>\n[<a href=\"http:\/\/www.elbsandsteinfotografen.de\/index.php?option=com_content&amp;view=article&amp;id=78%3Areizt-wirklich-das-verbotene&amp;catid=1%3Aaktuelle-nachrichten&amp;lang=de\">Beitrag von Ronald Schneider mit Bild<\/a>]<br \/>\nInzwischen hat der Nationalpark reagiert und die Tafel wurde umgesetzt.<br \/>\n[<a href=\"http:\/\/www.nationalpark-saechsische-schweiz.de\/service\/service\/news\/\" target=\"_blank\">Infoseite der NPV<\/a>]<\/p>\n<p>[<a href=\"http:\/\/www.facebook.com\/malerweg\/posts\/10150620942754289\" target=\"_blank\">Der Facebokk-Eintrag von &#8222;Malerweg<\/a>&#8222;]<\/p>\n","protected":false},"excerpt":{"rendered":"<p>Auf seinen Facebookseiten &#8222;Malerweg&#8220; wirbt der\u00a0Tourismusverband S\u00e4chsische Schweiz e.V. daf\u00fcr, am Malerweg Infotafeln aufzustellen. An sich eine gute Sache&#8230;.<\/p>\n","protected":false},"author":1,"featured_media":0,"comment_status":"open","ping_status":"open","sticky":false,"template":"","format":"standard","meta":{"footnotes":""},"categories":[25,6],"tags":[37],"class_list":["post-222","post","type-post","status-publish","format-standard","hentry","category-lokales","category-sachsische-schweiz","tag-sachsische-schweiz"],"_links":{"self":[{"href":"https:\/\/www.eissner-dresden.de\/blog\/index.php?rest_route=\/wp\/v2\/posts\/222"}],"collection":[{"href":"https:\/\/www.eissner-dresden.de\/blog\/index.php?rest_route=\/wp\/v2\/posts"}],"about":[{"href":"https:\/\/www.eissner-dresden.de\/blog\/index.php?rest_route=\/wp\/v2\/types\/post"}],"author":[{"embeddable":true,"href":"https:\/\/www.eissner-dresden.de\/blog\/index.php?rest_route=\/wp\/v2\/users\/1"}],"replies":[{"embeddable":true,"href":"https:\/\/www.eissner-dresden.de\/blog\/index.php?rest_route=%2Fwp%2Fv2%2Fcomments&post=222"}],"version-history":[{"count":8,"href":"https:\/\/www.eissner-dresden.de\/blog\/index.php?rest_route=\/wp\/v2\/posts\/222\/revisions"}],"predecessor-version":[{"id":237,"href":"https:\/\/www.eissner-dresden.de\/blog\/index.php?rest_route=\/wp\/v2\/posts\/222\/revisions\/237"}],"wp:attachment":[{"href":"https:\/\/www.eissner-dresden.de\/blog\/index.php?rest_route=%2Fwp%2Fv2%2Fmedia&parent=222"}],"wp:term":[{"taxonomy":"category","embeddable":true,"href":"https:\/\/www.eissner-dresden.de\/blog\/index.php?rest_route=%2Fwp%2Fv2%2Fcategories&post=222"},{"taxonomy":"post_tag","embeddable":true,"href":"https:\/\/www.eissner-dresden.de\/blog\/index.php?rest_route=%2Fwp%2Fv2%2Ftags&post=222"}],"curies":[{"name":"wp","href":"https:\/\/api.w.org\/{rel}","templated":true}]}}