{"id":778,"date":"2013-10-13T18:16:54","date_gmt":"2013-10-13T17:16:54","guid":{"rendered":"http:\/\/www.eissner-dresden.de\/blog\/?p=778"},"modified":"2013-10-13T18:18:43","modified_gmt":"2013-10-13T17:18:43","slug":"manfrotto-mt-190xpro3-stativ","status":"publish","type":"post","link":"https:\/\/www.eissner-dresden.de\/blog\/?p=778","title":{"rendered":"MANFROTTO MT 190XPRO3 Stativ"},"content":{"rendered":"<p><a href=\"http:\/\/www.eissner-dresden.de\/blog\/wp-content\/uploads\/2013\/10\/manfrotto.png\"><img loading=\"lazy\" decoding=\"async\" class=\"alignleft size-full wp-image-779\" alt=\"manfrotto\" src=\"http:\/\/www.eissner-dresden.de\/blog\/wp-content\/uploads\/2013\/10\/manfrotto.png\" width=\"250\" height=\"375\" srcset=\"https:\/\/www.eissner-dresden.de\/blog\/wp-content\/uploads\/2013\/10\/manfrotto.png 250w, https:\/\/www.eissner-dresden.de\/blog\/wp-content\/uploads\/2013\/10\/manfrotto-200x300.png 200w\" sizes=\"(max-width: 250px) 100vw, 250px\" \/><\/a>Monfrotto stellt eine neue Version seiner 190er Reihe vor! (Aktuell drei Varianten in Alu und Carbon)<\/p>\n<p>\u00dcberarbeitet wurde der Schwenkmechanismus, die Beinverschl\u00fcsse, es gibt eine M\u00f6glichkeit \u00fcber ein 3\/8\u201c Innengewinde Zubeh\u00f6r zu montieren (Monitor-\/Talbathalterung)<\/p>\n<p>Das Gewicht wird mit 2kg (ohne Kopf nat\u00fcrlich) angegeben, das w\u00e4ren 200g mehr als bisher und auch das Packma\u00df wird mit 59cm statt bisher 57cm angegeben, daf\u00fcr ist die H\u00f6he aber auch um 13cm gewachsen. Die Angaben fu\u00dfen auf Angaben bei Isarfoto und Manfrotto und beziehen sich auf die Alu-Version.<\/p>\n<p>Quelle: <a href=\"http:\/\/blog.isarfoto.com\/wordpress\/?p=8057\">Isarfoto<\/a><\/p>\n","protected":false},"excerpt":{"rendered":"<p>Monfrotto stellt eine neue Version seiner 190er Reihe vor! (Aktuell drei Varianten in Alu und Carbon) \u00dcberarbeitet wurde der Schwenkmechanismus, die Beinverschl\u00fcsse, es gibt eine M\u00f6glichkeit \u00fcber ein 3\/8\u201c Innengewinde Zubeh\u00f6r zu montieren (Monitor-\/Talbathalterung) Das Gewicht wird mit 2kg (ohne &hellip; <a href=\"https:\/\/www.eissner-dresden.de\/blog\/?p=778\">Weiterlesen <span class=\"meta-nav\">&rarr;<\/span><\/a><\/p>\n","protected":false},"author":1,"featured_media":0,"comment_status":"open","ping_status":"open","sticky":false,"template":"","format":"standard","meta":{"footnotes":""},"categories":[16],"tags":[],"class_list":["post-778","post","type-post","status-publish","format-standard","hentry","category-ausrustung"],"_links":{"self":[{"href":"https:\/\/www.eissner-dresden.de\/blog\/index.php?rest_route=\/wp\/v2\/posts\/778"}],"collection":[{"href":"https:\/\/www.eissner-dresden.de\/blog\/index.php?rest_route=\/wp\/v2\/posts"}],"about":[{"href":"https:\/\/www.eissner-dresden.de\/blog\/index.php?rest_route=\/wp\/v2\/types\/post"}],"author":[{"embeddable":true,"href":"https:\/\/www.eissner-dresden.de\/blog\/index.php?rest_route=\/wp\/v2\/users\/1"}],"replies":[{"embeddable":true,"href":"https:\/\/www.eissner-dresden.de\/blog\/index.php?rest_route=%2Fwp%2Fv2%2Fcomments&post=778"}],"version-history":[{"count":2,"href":"https:\/\/www.eissner-dresden.de\/blog\/index.php?rest_route=\/wp\/v2\/posts\/778\/revisions"}],"predecessor-version":[{"id":781,"href":"https:\/\/www.eissner-dresden.de\/blog\/index.php?rest_route=\/wp\/v2\/posts\/778\/revisions\/781"}],"wp:attachment":[{"href":"https:\/\/www.eissner-dresden.de\/blog\/index.php?rest_route=%2Fwp%2Fv2%2Fmedia&parent=778"}],"wp:term":[{"taxonomy":"category","embeddable":true,"href":"https:\/\/www.eissner-dresden.de\/blog\/index.php?rest_route=%2Fwp%2Fv2%2Fcategories&post=778"},{"taxonomy":"post_tag","embeddable":true,"href":"https:\/\/www.eissner-dresden.de\/blog\/index.php?rest_route=%2Fwp%2Fv2%2Ftags&post=778"}],"curies":[{"name":"wp","href":"https:\/\/api.w.org\/{rel}","templated":true}]}}