{"id":881,"date":"2014-03-31T19:43:08","date_gmt":"2014-03-31T18:43:08","guid":{"rendered":"http:\/\/www.eissner-dresden.de\/blog\/?p=881"},"modified":"2014-03-31T19:44:24","modified_gmt":"2014-03-31T18:44:24","slug":"kooperation-von-lufthansa-und-air-namibia","status":"publish","type":"post","link":"https:\/\/www.eissner-dresden.de\/blog\/?p=881","title":{"rendered":"Kooperation von Lufthansa und Air Namibia"},"content":{"rendered":"<p>Die Kooperation von Lufthansa und Air Namibia soll zuk\u00fcnftig g\u00fcnstigere Anschlu\u00dffl\u00fcge erm\u00f6glichen. Genannt wurden Berlin, Bremen, Dresden, D\u00fcsseldorf, Hamburg, Hannover, Leipzig, M\u00fcnchen, M\u00fcnster, N\u00fcrnberg sowie Stuttgart sowie Ziele in \u00d6sterreich und der Schweiz. Dabei solle der Verbindungsflug nat\u00fcrlich billiger sein als seperat gebucht. Wollen wir mal sehen wie das tats\u00e4chlich in klingender M\u00fcnze aussieht, gegen\u00fcber dem langen ICE-Gegondel w\u00e4re es schon angenehmer.<\/p>\n<p>-&gt; <a href=\"http:\/\/www.az.com.na\/verkehr-transport\/nach-dresden-und-wien.416877\">Originalartikel der AZ Windhuk<\/a><\/p>\n","protected":false},"excerpt":{"rendered":"<p>Die Kooperation von Lufthansa und Air Namibia soll zuk\u00fcnftig g\u00fcnstigere Anschlu\u00dffl\u00fcge erm\u00f6glichen. Genannt wurden Berlin, Bremen, Dresden, D\u00fcsseldorf, Hamburg, Hannover, Leipzig, M\u00fcnchen, M\u00fcnster, N\u00fcrnberg sowie Stuttgart sowie Ziele in \u00d6sterreich und der Schweiz. Dabei solle der Verbindungsflug nat\u00fcrlich billiger sein &hellip; <a href=\"https:\/\/www.eissner-dresden.de\/blog\/?p=881\">Weiterlesen <span class=\"meta-nav\">&rarr;<\/span><\/a><\/p>\n","protected":false},"author":1,"featured_media":0,"comment_status":"open","ping_status":"open","sticky":false,"template":"","format":"standard","meta":{"footnotes":""},"categories":[28,33],"tags":[],"class_list":["post-881","post","type-post","status-publish","format-standard","hentry","category-afrika","category-reise"],"_links":{"self":[{"href":"https:\/\/www.eissner-dresden.de\/blog\/index.php?rest_route=\/wp\/v2\/posts\/881"}],"collection":[{"href":"https:\/\/www.eissner-dresden.de\/blog\/index.php?rest_route=\/wp\/v2\/posts"}],"about":[{"href":"https:\/\/www.eissner-dresden.de\/blog\/index.php?rest_route=\/wp\/v2\/types\/post"}],"author":[{"embeddable":true,"href":"https:\/\/www.eissner-dresden.de\/blog\/index.php?rest_route=\/wp\/v2\/users\/1"}],"replies":[{"embeddable":true,"href":"https:\/\/www.eissner-dresden.de\/blog\/index.php?rest_route=%2Fwp%2Fv2%2Fcomments&post=881"}],"version-history":[{"count":2,"href":"https:\/\/www.eissner-dresden.de\/blog\/index.php?rest_route=\/wp\/v2\/posts\/881\/revisions"}],"predecessor-version":[{"id":883,"href":"https:\/\/www.eissner-dresden.de\/blog\/index.php?rest_route=\/wp\/v2\/posts\/881\/revisions\/883"}],"wp:attachment":[{"href":"https:\/\/www.eissner-dresden.de\/blog\/index.php?rest_route=%2Fwp%2Fv2%2Fmedia&parent=881"}],"wp:term":[{"taxonomy":"category","embeddable":true,"href":"https:\/\/www.eissner-dresden.de\/blog\/index.php?rest_route=%2Fwp%2Fv2%2Fcategories&post=881"},{"taxonomy":"post_tag","embeddable":true,"href":"https:\/\/www.eissner-dresden.de\/blog\/index.php?rest_route=%2Fwp%2Fv2%2Ftags&post=881"}],"curies":[{"name":"wp","href":"https:\/\/api.w.org\/{rel}","templated":true}]}}